{"id":837,"date":"2022-08-03T07:55:05","date_gmt":"2022-08-03T07:55:05","guid":{"rendered":"https:\/\/ostermarsch-gronau.de\/?p=837"},"modified":"2022-08-03T08:08:14","modified_gmt":"2022-08-03T08:08:14","slug":"pm-demo-am-sonntag-7-8-2022-atomkraftgegner_innen-wollen-in-gronau-flagge-zeigen","status":"publish","type":"post","link":"https:\/\/ostermarsch-gronau.de\/?p=837","title":{"rendered":"PM: Demo am Sonntag, 7.8.2022 &#8211; Atomkraftgegner_innen wollen in Gronau Flagge zeigen:"},"content":{"rendered":"<h2>\u201eGegen Laufzeitverl\u00e4ngerung und atomares Wettr\u00fcsten! \u2013Hiroshima &amp; Nagasaki mahnen!\u201c<\/h2>\n<p>Anl\u00e4sslich der Jahrestage der Atombombenabw\u00fcrfe auf Hiroshima und Nagasaki am 6. Und 9. August 1945 mit mehr als 200.000 Toten rufen Anti-Atomkraft- und Friedensinitiativen f\u00fcr den 7. August zu einer Fahrrad-Demo in Gronau auf. Start ist um 13 Uhr am Bahnhof Gronau (Westfalen), um 14 Uhr gibt es eine Kundgebung vor der Urananreicherungsanlage Gronau. Eine weitere Fahrrad-Demo startet um 13:00 Uhr in Ochtrup am Bahnhof. Die Anti-Atomkraft- und Friedensinitiativen wollen ein Zeichen gegen Laufzeitverl\u00e4ngerungen und das weltweite Aufr\u00fcsten und Modernisieren der Atomwaffenarsenale setzen. Die Urananreicherungsanlage Gronau ist vom Atomausstieg ausgenommen, sie versorgt AKW in aller Welt mit angereichertem Uran und mit ihr k\u00f6nnte man Uran zur Atombombenherstellung anreichern.<\/p>\n<h3>Immer mehr Staaten r\u00fcsten atomar auf \u2013 Sicherheit oder st\u00e4ndige Angst?<\/h3>\n<p>Nach Angaben des Stockholmer Friedensforschungs-Institut Sipri streben weltweit immer mehr L\u00e4nder nach Atombomben oder modernisieren diese. Iran und Nordkorea haben ambitionierte Programme f\u00fcr Atomwaffen, beide basieren auf Urananreicherungstechniken des Urenco-Konzerns, wie sie auch in der Gronauer Urananreicherungsanlage verwendet werden. \u201eHier zeigt sich, dass die Situation festgefahren ist, sobald L\u00e4nder die Technik einmal besitzen. Um ein deutliches Zeichen f\u00fcr atomare Entspannung zu senden und den Atomausstieg von Grundauf umzusetzen, fordern wir die Stilllegung der Gronauer Urananreicherungsanlage\u201c so Udo Buchholz vom Bundesverband B\u00fcrgerinitiativen Umweltschutz.<\/p>\n<p>Dr.Brigitte Hornstein (IPPNW &#8211; \u00c4rzt*innen gegen den Atomkrieg) wird \u00fcber die Aufr\u00fcstung der US-Atombomben in B\u00fcchel und die Anschaffung neuer deutscher Kampfjets f\u00fcr diese Atombomben berichten.<\/p>\n<p>Auch wenn atomare Abr\u00fcstung mit Russlands Despoten Putin derzeit unrealistisch erscheint, erkl\u00e4rt Peter Bastian vom Aktionsb\u00fcndnis M\u00fcnsterland gegen Atomanlagen: \u201eDie vermeintliche Sicherheit durch ein Gleichgewicht des Schreckens&#8216; f\u00fchrt zu immer schnelleren und gef\u00e4hrlicheren Atomwaffen. Missverst\u00e4ndnisse, Fehlalarm oder Sabotage k\u00f6nnen zur absoluten Katastrophe und nicht mehr zu stoppenden Kettenreaktion f\u00fchren. Deshalb fordern wir die Vernichtung aller Atomwaffen statt deren Modernisierung\u201c.<\/p>\n<h3>Russischer Umweltaktivist warnt vor Rosatom und Laufzeitverl\u00e4ngerungen<\/h3>\n<p>Auf der Kundgebung wird auch Wladimir Slivjak von der russischen Umweltorganisation Ecodefense und Tr\u00e4ger des alternativen Nobelpreises sprechen. Er besch\u00e4ftigt sich seit Jahren intensiv mit dem russischen Staatskonzern Rosatom, der f\u00fcr Putins Atomwaffen und Atomenergie zust\u00e4ndig ist. Mit seiner gro\u00dfen Zahl an Tochterfirmen ist er ein wichtiger Gesch\u00e4ftspartner f\u00fcr europ\u00e4ische AKW-Betreiber und Zulieferer. So kommt man bei der Beschaffung und Verarbeitung von Uran f\u00fcr neue Brennst\u00e4be nur schwerlich an dem Marktriesen Rosatom vorbei. Deswegen fordert Vladimir Slivjak: \u201cRosatom ist der Teil der russischen Regierung, der f\u00fcr die Atomwaffen verantwortlich ist und direkt in den Krieg gegen die Ukraine involviert ist. Alle Kooperationen mit Rosatom sollten sofort gestoppt werden. Keine Unterst\u00fctzung f\u00fcr die Atomwaffenindustrie \u2013 in Deutschland und weltweit!\u201d (&#8222;Rosatom is the arm of Russian government which is in charge of nuclear weapon and also directly involved to war in Ukraine. All coperation with it should be immediately stopped. No support for nuclear weapon industry &#8211; in Germany and worldwide&#8220;). Wenn nun die Laufzeiten der deutschen AKW verl\u00e4ngert w\u00fcrden, ist also die Gefahr gro\u00df, dabei auch mehr oder weniger direkt Russland zu unterst\u00fctzen. Gemeinsam mit ihren russischen Freunden fordern die Initiatoren der Demonstration deshalb auch Rosatom umgehend auf die Sanktionsliste zu setzen. \u201eDas w\u00e4re ein deutliches Zeichen gegen Putins Drohungen mit Atomwaffen und ein harter Schlag f\u00fcr seine Finanzen\u201c so Peter Bastian.<\/p>\n<h4>Weitere Informationen:<\/h4>\n<p><a href=\"http:\/\/www.ostermarsch-gronau.de\" target=\"_blank\" rel=\"noopener\">www.ostermarsch-gronau.de<\/a>, <a href=\"http:\/\/www.ippnw.de\" target=\"_blank\" rel=\"noopener\">www.ippnw.de<\/a>, <a href=\"https:\/\/defuel-russias-war.org\/rosatom-nuclear-boogeyman\/\" target=\"_blank\" rel=\"noopener\">defuel-russias-war.org<\/a>, <a href=\"http:\/\/www.sofa-ms.de\" target=\"_blank\" rel=\"noopener\">www.sofa-ms.de<\/a>, <a href=\"http:\/\/www.urantransport.de\" target=\"_blank\" rel=\"noopener\">www.urantransport.de<\/a>,<\/p>\n","protected":false},"excerpt":{"rendered":"<p>\u201eGegen Laufzeitverl\u00e4ngerung und atomares Wettr\u00fcsten! \u2013Hiroshima &amp; Nagasaki mahnen!\u201c Anl\u00e4sslich der Jahrestage der Atombombenabw\u00fcrfe auf Hiroshima und Nagasaki am 6. Und 9. August 1945 mit mehr als 200.000 Toten rufen Anti-Atomkraft- und Friedensinitiativen f\u00fcr den 7. August zu einer Fahrrad-Demo in Gronau auf. Start ist um 13 Uhr am Bahnhof Gronau (Westfalen), um 14 Uhr [&hellip;]<\/p>\n","protected":false},"author":1,"featured_media":0,"comment_status":"closed","ping_status":"closed","sticky":false,"template":"","format":"standard","meta":{"footnotes":""},"categories":[4],"tags":[],"class_list":["post-837","post","type-post","status-publish","format-standard","hentry","category-aktuelles","entry"],"_links":{"self":[{"href":"https:\/\/ostermarsch-gronau.de\/index.php?rest_route=\/wp\/v2\/posts\/837","targetHints":{"allow":["GET"]}}],"collection":[{"href":"https:\/\/ostermarsch-gronau.de\/index.php?rest_route=\/wp\/v2\/posts"}],"about":[{"href":"https:\/\/ostermarsch-gronau.de\/index.php?rest_route=\/wp\/v2\/types\/post"}],"author":[{"embeddable":true,"href":"https:\/\/ostermarsch-gronau.de\/index.php?rest_route=\/wp\/v2\/users\/1"}],"replies":[{"embeddable":true,"href":"https:\/\/ostermarsch-gronau.de\/index.php?rest_route=%2Fwp%2Fv2%2Fcomments&post=837"}],"version-history":[{"count":3,"href":"https:\/\/ostermarsch-gronau.de\/index.php?rest_route=\/wp\/v2\/posts\/837\/revisions"}],"predecessor-version":[{"id":840,"href":"https:\/\/ostermarsch-gronau.de\/index.php?rest_route=\/wp\/v2\/posts\/837\/revisions\/840"}],"wp:attachment":[{"href":"https:\/\/ostermarsch-gronau.de\/index.php?rest_route=%2Fwp%2Fv2%2Fmedia&parent=837"}],"wp:term":[{"taxonomy":"category","embeddable":true,"href":"https:\/\/ostermarsch-gronau.de\/index.php?rest_route=%2Fwp%2Fv2%2Fcategories&post=837"},{"taxonomy":"post_tag","embeddable":true,"href":"https:\/\/ostermarsch-gronau.de\/index.php?rest_route=%2Fwp%2Fv2%2Ftags&post=837"}],"curies":[{"name":"wp","href":"https:\/\/api.w.org\/{rel}","templated":true}]}}