{"id":674,"date":"2022-03-19T21:49:40","date_gmt":"2022-03-19T21:49:40","guid":{"rendered":"https:\/\/ostermarsch-gronau.de\/?p=674"},"modified":"2022-03-19T21:50:57","modified_gmt":"2022-03-19T21:50:57","slug":"urenco-stoppt-uranmuell-exporte-nach-russland","status":"publish","type":"post","link":"https:\/\/ostermarsch-gronau.de\/?p=674","title":{"rendered":"Urenco stoppt Uranm\u00fcll-Exporte nach Russland"},"content":{"rendered":"<div class=\"entry-content\">\n<div class=\"entry-the-content\">\n<p><strong>Update 12. M\u00e4rz: <\/strong>Urenco hat nach \u00fcbereinstimmenden Medienberichten tats\u00e4chlich die Uran-Vertr\u00e4ge mit Russland gek\u00fcndigt, auch f\u00fcr Gronau\u00a0 &#8211; und in beide Richtungen &#8211; ein echter Erfolg nach 15 Jahren Kampf! Es ist nur extrem traurig, dass es daf\u00fcr erst einen Krieg brauchte, um Urenco zur Umkehr zu bringen \u2026 Immerhin berichteten u.a. <a href=\"https:\/\/www.tagesschau.de\/regional\/nordrheinwestfalen\/wdr-story-46339.html\" target=\"_blank\" rel=\"noopener\">tagesschau.de\/ WDR<\/a>, <a href=\"https:\/\/taz.de\/Lieferungen-von-Gronau-in-die-Ukraine\/!5840693\/\" target=\"_blank\" rel=\"noopener\">taz<\/a> und <a href=\"https:\/\/www.wn.de\/muensterland\/urenco-kundigt-vertrag-2540841\" target=\"_blank\" rel=\"noopener\">WN<\/a>. Wir f\u00fcrchten aber, dass Urenco die eigentliche Lektion nicht verstanden hat \u2013 n\u00e4mlich Atomausstieg statt Urananreicherung!<\/p>\n<p>Und es bleiben Fragen offen: Gilt das Ende der Gesch\u00e4ftsbeziehungen auch f\u00fcr Uran, das von AKW-Betreibern aus Russland angekauft und nun also eigentumsm\u00e4\u00dfig als \u201ebelgisches\u201c oder \u201eUS-amerikanisches\u201c Uran gelten k\u00f6nnte? Hier scheint uns noch ein gr\u00f6\u00dferes Schlupfloch zu existieren, das zumindest einen politischen Graubereich beleuchtet \u2013 wir fordern eine komplette Einstellung der Urangesch\u00e4fte mit Russland!<\/p>\n<p><strong>3. M\u00e4rz:<\/strong> Nach zwei Tagen im Hafen von Ellesmere am Mersey bei Liverpool ist das russische Uranschiff Mikhail Dudin ohne Uranm\u00fcll aus der britischen Urenco-UAA in Capenhurst wieder in See gestochen \u2013 das war eine Absage in allerletzter Minute. <a href=\"https:\/\/www.tubantia.nl\/almelo\/urenco-stopt-met-uraniumtransporten-naar-rusland~a8a93775\/\" target=\"_blank\" rel=\"noopener\">Tubantia Niederlande<\/a> berichtete. Offensichtlich musste sich Urenco den internationalen Sanktionen beugen, obwohl sie das nicht wollten. Aber jetzt mitten im Krieg Russland noch den eigenen Uranm\u00fcll aus finanziellen Gr\u00fcnden zu liefern, ging wohl nicht mehr durch.<\/p>\n<\/div>\n<\/div>\n","protected":false},"excerpt":{"rendered":"<p>Update 12. M\u00e4rz: Urenco hat nach \u00fcbereinstimmenden Medienberichten tats\u00e4chlich die Uran-Vertr\u00e4ge mit Russland gek\u00fcndigt, auch f\u00fcr Gronau\u00a0 &#8211; und in beide Richtungen &#8211; ein echter Erfolg nach 15 Jahren Kampf! Es ist nur extrem traurig, dass es daf\u00fcr erst einen Krieg brauchte, um Urenco zur Umkehr zu bringen \u2026 Immerhin berichteten u.a. tagesschau.de\/ WDR, taz [&hellip;]<\/p>\n","protected":false},"author":1,"featured_media":0,"comment_status":"closed","ping_status":"closed","sticky":false,"template":"","format":"standard","meta":{"footnotes":""},"categories":[4],"tags":[],"class_list":["post-674","post","type-post","status-publish","format-standard","hentry","category-aktuelles","entry"],"_links":{"self":[{"href":"https:\/\/ostermarsch-gronau.de\/index.php?rest_route=\/wp\/v2\/posts\/674","targetHints":{"allow":["GET"]}}],"collection":[{"href":"https:\/\/ostermarsch-gronau.de\/index.php?rest_route=\/wp\/v2\/posts"}],"about":[{"href":"https:\/\/ostermarsch-gronau.de\/index.php?rest_route=\/wp\/v2\/types\/post"}],"author":[{"embeddable":true,"href":"https:\/\/ostermarsch-gronau.de\/index.php?rest_route=\/wp\/v2\/users\/1"}],"replies":[{"embeddable":true,"href":"https:\/\/ostermarsch-gronau.de\/index.php?rest_route=%2Fwp%2Fv2%2Fcomments&post=674"}],"version-history":[{"count":2,"href":"https:\/\/ostermarsch-gronau.de\/index.php?rest_route=\/wp\/v2\/posts\/674\/revisions"}],"predecessor-version":[{"id":677,"href":"https:\/\/ostermarsch-gronau.de\/index.php?rest_route=\/wp\/v2\/posts\/674\/revisions\/677"}],"wp:attachment":[{"href":"https:\/\/ostermarsch-gronau.de\/index.php?rest_route=%2Fwp%2Fv2%2Fmedia&parent=674"}],"wp:term":[{"taxonomy":"category","embeddable":true,"href":"https:\/\/ostermarsch-gronau.de\/index.php?rest_route=%2Fwp%2Fv2%2Fcategories&post=674"},{"taxonomy":"post_tag","embeddable":true,"href":"https:\/\/ostermarsch-gronau.de\/index.php?rest_route=%2Fwp%2Fv2%2Ftags&post=674"}],"curies":[{"name":"wp","href":"https:\/\/api.w.org\/{rel}","templated":true}]}}