{"id":597,"date":"2021-07-08T21:15:49","date_gmt":"2021-07-08T21:15:49","guid":{"rendered":"https:\/\/ostermarsch-gronau.de\/?p=597"},"modified":"2021-07-08T21:15:49","modified_gmt":"2021-07-08T21:15:49","slug":"noch-einen-monat-bis-zur-fahrrad-demo","status":"publish","type":"post","link":"https:\/\/ostermarsch-gronau.de\/?p=597","title":{"rendered":"Noch einen Monat bis zur Fahrrad-Demo"},"content":{"rendered":"<p>In einem Monat ist es soweit, wir starten die n\u00e4chste gr\u00f6\u00dfere Protest-Aktion f\u00fcr die Stilllegung der Gronauer Urananreicherungsanlage und f\u00fcr die Abschaffung aller Atomwaffen. Die ersten Plakate in Gronau h\u00e4ngen, verlinkt die Webseite, twittert, postet, erz\u00e4hlt Freund_innen und Verwandten oder klebt selber Plakate. Hier geht&#8217;s zum <a href=\"https:\/\/ostermarsch-gronau.de\/?page_id=575\">Material.<\/a><\/p>\n<p><img loading=\"lazy\" decoding=\"async\" class=\"alignnone size-medium wp-image-599\" src=\"https:\/\/ostermarsch-gronau.de\/wp-content\/uploads\/2021\/07\/Hiroshima-Demo-2021-Plakat-Fenster-300x248.jpg\" alt=\"\" width=\"300\" height=\"248\" srcset=\"https:\/\/ostermarsch-gronau.de\/wp-content\/uploads\/2021\/07\/Hiroshima-Demo-2021-Plakat-Fenster-300x248.jpg 300w, https:\/\/ostermarsch-gronau.de\/wp-content\/uploads\/2021\/07\/Hiroshima-Demo-2021-Plakat-Fenster-1024x847.jpg 1024w, https:\/\/ostermarsch-gronau.de\/wp-content\/uploads\/2021\/07\/Hiroshima-Demo-2021-Plakat-Fenster-768x635.jpg 768w, https:\/\/ostermarsch-gronau.de\/wp-content\/uploads\/2021\/07\/Hiroshima-Demo-2021-Plakat-Fenster-1536x1270.jpg 1536w, https:\/\/ostermarsch-gronau.de\/wp-content\/uploads\/2021\/07\/Hiroshima-Demo-2021-Plakat-Fenster.jpg 1824w\" sizes=\"auto, (max-width: 300px) 100vw, 300px\" \/><\/p>\n","protected":false},"excerpt":{"rendered":"<p>In einem Monat ist es soweit, wir starten die n\u00e4chste gr\u00f6\u00dfere Protest-Aktion f\u00fcr die Stilllegung der Gronauer Urananreicherungsanlage und f\u00fcr die Abschaffung aller Atomwaffen. Die ersten Plakate in Gronau h\u00e4ngen, verlinkt die Webseite, twittert, postet, erz\u00e4hlt Freund_innen und Verwandten oder klebt selber Plakate. Hier geht&#8217;s zum Material.<\/p>\n","protected":false},"author":1,"featured_media":0,"comment_status":"closed","ping_status":"closed","sticky":false,"template":"","format":"standard","meta":{"footnotes":""},"categories":[4],"tags":[],"class_list":["post-597","post","type-post","status-publish","format-standard","hentry","category-aktuelles","entry"],"_links":{"self":[{"href":"https:\/\/ostermarsch-gronau.de\/index.php?rest_route=\/wp\/v2\/posts\/597","targetHints":{"allow":["GET"]}}],"collection":[{"href":"https:\/\/ostermarsch-gronau.de\/index.php?rest_route=\/wp\/v2\/posts"}],"about":[{"href":"https:\/\/ostermarsch-gronau.de\/index.php?rest_route=\/wp\/v2\/types\/post"}],"author":[{"embeddable":true,"href":"https:\/\/ostermarsch-gronau.de\/index.php?rest_route=\/wp\/v2\/users\/1"}],"replies":[{"embeddable":true,"href":"https:\/\/ostermarsch-gronau.de\/index.php?rest_route=%2Fwp%2Fv2%2Fcomments&post=597"}],"version-history":[{"count":1,"href":"https:\/\/ostermarsch-gronau.de\/index.php?rest_route=\/wp\/v2\/posts\/597\/revisions"}],"predecessor-version":[{"id":600,"href":"https:\/\/ostermarsch-gronau.de\/index.php?rest_route=\/wp\/v2\/posts\/597\/revisions\/600"}],"wp:attachment":[{"href":"https:\/\/ostermarsch-gronau.de\/index.php?rest_route=%2Fwp%2Fv2%2Fmedia&parent=597"}],"wp:term":[{"taxonomy":"category","embeddable":true,"href":"https:\/\/ostermarsch-gronau.de\/index.php?rest_route=%2Fwp%2Fv2%2Fcategories&post=597"},{"taxonomy":"post_tag","embeddable":true,"href":"https:\/\/ostermarsch-gronau.de\/index.php?rest_route=%2Fwp%2Fv2%2Ftags&post=597"}],"curies":[{"name":"wp","href":"https:\/\/api.w.org\/{rel}","templated":true}]}}