{"id":545,"date":"2021-04-02T21:53:27","date_gmt":"2021-04-02T21:53:27","guid":{"rendered":"https:\/\/ostermarsch-gronau.de\/?p=545"},"modified":"2021-04-02T22:02:22","modified_gmt":"2021-04-02T22:02:22","slug":"170-zum-auftakt-der-ostermaersche-in-gronau-juelich","status":"publish","type":"post","link":"https:\/\/ostermarsch-gronau.de\/?p=545","title":{"rendered":"170 zum Auftakt der Osterm\u00e4rsche in Gronau &#038; J\u00fclich"},"content":{"rendered":"<p>Rund 170 AktivstInnen haben in Gronau und J\u00fclich zum Auftakt der NRW-Osterm\u00e4rsche 2021 gegen die Urananreicherung und die dazugeh\u00f6rige Uran-Zentrifugenentwicklung demonstriert.<br \/>\nIn Gronau ging es mit dem Rad zur Urananreicherungsanlage &#8211; eine bunte rollende Demo, die den n\u00f6tigen Kontrapunkt zum grauen Wetter und zur grauen Urenco-Anlage setzte.<br \/>\nIn J\u00fclich waren die AktivistInnen am Forschungszentrum klassisch zu Fu\u00df zur Zentrifugenfirma ETC unterwegs.<br \/>\nAn beiden Atomstandorten konnten trotz Pandemie mit Maske und Abstand erfolgreich und verantwortungsbewusst ein Zeichen gegen atomares Wettr\u00fcsten und Weiterentwicklung von Atomtechnologie gesetzt werden.<\/p>\n<p>Auch wurde an Frits Veermann. Der niederl\u00e4ndische Urenco-Mitarbeiter der Almeloer Urananreicherungsanlage hatte quasi als &#8222;Whistleblower&#8220; \u00f6ffentlich gemacht, dass der damalige pakistanische Urenco-Mitarbeiter Abdul Quader Khan die Blaupausen f\u00fcr die Almeloer Anlage und die Zentrifugentechnologie gestohlen hatte. Dadurch startete Pakistan sein eigenes Anreicherungsprogramm und wurde Atommacht. Von Pakistan aus gelangte das Wissen in andere L\u00e4nder wie den Iran und Nordkorea, so dass die angeblich zivile Technologie ganz entscheidend zur Verbreitung von Atomwaffen beitrug.<\/p>\n<p>Hier ein Presse-Spiegel:<\/p>\n<ul>\n<li><a href=\"https:\/\/www.wn.de\/Muensterland\/Kreis-Borken\/Gronau\/4396604-Ostermarsch-Auftakt-in-Gronau-Gefahr-durch-Atomkraft-waechst\" target=\"_blank\" rel=\"noopener\">https:\/\/www.wn.de\/Muensterland\/Kreis-Borken\/Gronau\/4396604-Ostermarsch-Auftakt-in-Gronau-Gefahr-durch-Atomkraft-waechst<\/a><\/li>\n<li><a href=\"https:\/\/www.evangelisch.de\/inhalte\/184546\/02-04-2021\/ostermaersche-gegen-atomkraft-gronau-und-juelich\" target=\"_blank\" rel=\"noopener\">https:\/\/www.evangelisch.de\/inhalte\/184546\/02-04-2021\/ostermaersche-gegen-atomkraft-gronau-und-juelich<\/a><\/li>\n<li><a href=\"https:\/\/taz.de\/Ostermaersche-der-Friedensbewegung\/!5763962\/\" target=\"_blank\" rel=\"noopener\">https:\/\/taz.de\/Ostermaersche-der-Friedensbewegung\/!5763962\/<\/a><\/li>\n<li><a href=\"https:\/\/www1.wdr.de\/nachrichten\/ostermaersche-nrw-104.html\" target=\"_blank\" rel=\"noopener\">https:\/\/www1.wdr.de\/nachrichten\/ostermaersche-nrw-104.html<\/a><\/li>\n<li><a href=\"http:\/\/www.tagesschau.de\" target=\"_blank\" rel=\"noopener\">www.tagesschau.de<\/a> in der 20 Uhr Ausgabe vom 02.04.2021 ca. bei Minute 3<\/li>\n<li>Fotos auf <a href=\"http:\/\/www.anti-atom-aktuell.de\" target=\"_blank\" rel=\"noopener\">www.anti-atom-aktuell.de<\/a><\/li>\n<\/ul>\n","protected":false},"excerpt":{"rendered":"<p>Rund 170 AktivstInnen haben in Gronau und J\u00fclich zum Auftakt der NRW-Osterm\u00e4rsche 2021 gegen die Urananreicherung und die dazugeh\u00f6rige Uran-Zentrifugenentwicklung demonstriert. In Gronau ging es mit dem Rad zur Urananreicherungsanlage &#8211; eine bunte rollende Demo, die den n\u00f6tigen Kontrapunkt zum grauen Wetter und zur grauen Urenco-Anlage setzte. In J\u00fclich waren die AktivistInnen am Forschungszentrum klassisch [&hellip;]<\/p>\n","protected":false},"author":1,"featured_media":0,"comment_status":"closed","ping_status":"closed","sticky":false,"template":"","format":"standard","meta":{"footnotes":""},"categories":[4],"tags":[],"class_list":["post-545","post","type-post","status-publish","format-standard","hentry","category-aktuelles","entry"],"_links":{"self":[{"href":"https:\/\/ostermarsch-gronau.de\/index.php?rest_route=\/wp\/v2\/posts\/545","targetHints":{"allow":["GET"]}}],"collection":[{"href":"https:\/\/ostermarsch-gronau.de\/index.php?rest_route=\/wp\/v2\/posts"}],"about":[{"href":"https:\/\/ostermarsch-gronau.de\/index.php?rest_route=\/wp\/v2\/types\/post"}],"author":[{"embeddable":true,"href":"https:\/\/ostermarsch-gronau.de\/index.php?rest_route=\/wp\/v2\/users\/1"}],"replies":[{"embeddable":true,"href":"https:\/\/ostermarsch-gronau.de\/index.php?rest_route=%2Fwp%2Fv2%2Fcomments&post=545"}],"version-history":[{"count":3,"href":"https:\/\/ostermarsch-gronau.de\/index.php?rest_route=\/wp\/v2\/posts\/545\/revisions"}],"predecessor-version":[{"id":548,"href":"https:\/\/ostermarsch-gronau.de\/index.php?rest_route=\/wp\/v2\/posts\/545\/revisions\/548"}],"wp:attachment":[{"href":"https:\/\/ostermarsch-gronau.de\/index.php?rest_route=%2Fwp%2Fv2%2Fmedia&parent=545"}],"wp:term":[{"taxonomy":"category","embeddable":true,"href":"https:\/\/ostermarsch-gronau.de\/index.php?rest_route=%2Fwp%2Fv2%2Fcategories&post=545"},{"taxonomy":"post_tag","embeddable":true,"href":"https:\/\/ostermarsch-gronau.de\/index.php?rest_route=%2Fwp%2Fv2%2Ftags&post=545"}],"curies":[{"name":"wp","href":"https:\/\/api.w.org\/{rel}","templated":true}]}}