{"id":225,"date":"2019-02-10T22:58:52","date_gmt":"2019-02-10T22:58:52","guid":{"rendered":"https:\/\/ostermarsch-gronau.de\/?p=225"},"modified":"2019-02-10T23:00:57","modified_gmt":"2019-02-10T23:00:57","slug":"ostermarsch-2019-am-karfreitag-19-april","status":"publish","type":"post","link":"https:\/\/ostermarsch-gronau.de\/?p=225","title":{"rendered":"Ostermarsch 2019 am Karfreitag, 19. April"},"content":{"rendered":"<p>Auch 2019 wird wieder der Gronauer Ostermarsch am Karfreitag, 19. April 2019 stattfinden. Dazu planen wir gerade den Austausch und die Vernetzung mit anderen Friedensinitiativen im M\u00fcnsterland, Rheinland, B\u00fcchel und anderswo. Alle Informationen zum diesj\u00e4hrigen Ostermarsch findet ihr in k\u00fcrze auf dieser Homepage.<\/p>\n<p>Allgemeine aktuelle Infos zu den Osterm\u00e4rschen 2019 findet ihr beim <a href=\"https:\/\/www.friedenskooperative.de\/newsletter-februar-2019\" target=\"_blank\" rel=\"noopener\">Netzwerk Friedenskooperative.<\/a><\/p>\n","protected":false},"excerpt":{"rendered":"<p>Auch 2019 wird wieder der Gronauer Ostermarsch am Karfreitag, 19. April 2019 stattfinden. Dazu planen wir gerade den Austausch und die Vernetzung mit anderen Friedensinitiativen im M\u00fcnsterland, Rheinland, B\u00fcchel und anderswo. Alle Informationen zum diesj\u00e4hrigen Ostermarsch findet ihr in k\u00fcrze auf dieser Homepage. Allgemeine aktuelle Infos zu den Osterm\u00e4rschen 2019 findet ihr beim Netzwerk Friedenskooperative.<\/p>\n","protected":false},"author":1,"featured_media":0,"comment_status":"closed","ping_status":"closed","sticky":false,"template":"","format":"standard","meta":{"footnotes":""},"categories":[4],"tags":[],"class_list":["post-225","post","type-post","status-publish","format-standard","hentry","category-aktuelles","entry"],"_links":{"self":[{"href":"https:\/\/ostermarsch-gronau.de\/index.php?rest_route=\/wp\/v2\/posts\/225","targetHints":{"allow":["GET"]}}],"collection":[{"href":"https:\/\/ostermarsch-gronau.de\/index.php?rest_route=\/wp\/v2\/posts"}],"about":[{"href":"https:\/\/ostermarsch-gronau.de\/index.php?rest_route=\/wp\/v2\/types\/post"}],"author":[{"embeddable":true,"href":"https:\/\/ostermarsch-gronau.de\/index.php?rest_route=\/wp\/v2\/users\/1"}],"replies":[{"embeddable":true,"href":"https:\/\/ostermarsch-gronau.de\/index.php?rest_route=%2Fwp%2Fv2%2Fcomments&post=225"}],"version-history":[{"count":3,"href":"https:\/\/ostermarsch-gronau.de\/index.php?rest_route=\/wp\/v2\/posts\/225\/revisions"}],"predecessor-version":[{"id":228,"href":"https:\/\/ostermarsch-gronau.de\/index.php?rest_route=\/wp\/v2\/posts\/225\/revisions\/228"}],"wp:attachment":[{"href":"https:\/\/ostermarsch-gronau.de\/index.php?rest_route=%2Fwp%2Fv2%2Fmedia&parent=225"}],"wp:term":[{"taxonomy":"category","embeddable":true,"href":"https:\/\/ostermarsch-gronau.de\/index.php?rest_route=%2Fwp%2Fv2%2Fcategories&post=225"},{"taxonomy":"post_tag","embeddable":true,"href":"https:\/\/ostermarsch-gronau.de\/index.php?rest_route=%2Fwp%2Fv2%2Ftags&post=225"}],"curies":[{"name":"wp","href":"https:\/\/api.w.org\/{rel}","templated":true}]}}